{"id":41922,"date":"2022-07-06T17:39:30","date_gmt":"2022-07-06T15:39:30","guid":{"rendered":"https:\/\/www.costadelsol-mallorca.com\/alicante-lijstaanvoerder-van-spanje-met-meer-dan-90-stranden-gewaardeerd-met-de-blauwe-vlag\/"},"modified":"2022-07-06T17:43:04","modified_gmt":"2022-07-06T15:43:04","slug":"alicante-jest-krajowym-liderem-z-ponad-90-plazami-skatalogowanymi-blekitna-flaga","status":"publish","type":"post","link":"https:\/\/www.costadelsol-mallorca.com\/pl\/alicante-jest-krajowym-liderem-z-ponad-90-plazami-skatalogowanymi-blekitna-flaga\/","title":{"rendered":"Alicante jest krajowym liderem z ponad 90 pla\u017cami skatalogowanymi B\u0142\u0119kitn\u0105 Flag\u0105"},"content":{"rendered":"<div>Wyr\u00f3\u017cnienie \u201eB\u0142\u0119kitna Flaga\u201d przyznawane jest przez Europejsk\u0105 Fundacj\u0119 Edukacji Ekologicznej w oparciu o takie kryteria jak jako\u015b\u0107 wody, informacja i edukacja ekologiczna prezentowana przez pla\u017ce, zarz\u0105dzanie \u015brodowiskiem, bezpiecze\u0144stwo i us\u0142ugi.<\/div>\n<div><\/div>\n<div>Hiszpania jest liderem w tym wyr\u00f3\u017cnieniu na ca\u0142ym \u015bwiecie, a w 2022 r. dodano do listy 16 nowych pla\u017c, osi\u0105gaj\u0105c \u0142\u0105cznie 621 niebieskich pla\u017c. Opr\u00f3cz pla\u017c Hiszpania posiada r\u00f3wnie\u017c 103 porty morskie i 5 \u0142odzi turystycznych z wyr\u00f3\u017cnieniem.<\/div>\n<div><\/div>\n<div>W Hiszpanii na pozycji krajowej znajduje si\u0119 Wsp\u00f3lnota Walencji, z Alicante na czele. Ani wi\u0119cej, ani mniej ni\u017c \u0142\u0105cznie 91 B\u0142\u0119kitnych Flag, dzi\u0119ki wysi\u0142kom lokalnej spo\u0142eczno\u015bci, aby wszyscy mogli cieszy\u0107 si\u0119 czystym i bezpiecznym \u015brodowiskiem.<\/div>\n<div><\/div>\n<div>W\u015br\u00f3d gmin Alicante z najwi\u0119ksz\u0105 liczb\u0105 wyr\u00f3\u017cnie\u0144 znajduje si\u0119 Orihuela, kt\u00f3ra posiada 12 \u0142awic piaskowych. Za nimi plasuj\u0105 si\u0119 Denia i Santa Pola z 7, Pilar de la Horadada i Torrevieja z 6, a Alicante i La Villajoyosa z 5. Inne regiony, takie jak Benidorm, Altea, Calpe i Guardamar del Segura, r\u00f3wnie\u017c maj\u0105 B\u0142\u0119kitne Flagi.<\/div>\n<div><\/div>\n<div>Niezale\u017cnie od tego, czy mieszkasz w Alicante, czy zdecydujesz si\u0119 odwiedzi\u0107 prowincj\u0119, oto jeszcze jeden pow\u00f3d, aby pozna\u0107 i cieszy\u0107 si\u0119 szerok\u0105 gam\u0105 pi\u0119knych pla\u017c i us\u0142ug, kt\u00f3re maj\u0105 do zaoferowania.<\/div>\n","protected":false},"excerpt":{"rendered":"<p>Wyr\u00f3\u017cnienie \u201eB\u0142\u0119kitna Flaga\u201d przyznawane jest przez Europejsk\u0105 Fundacj\u0119 Edukacji Ekologicznej w oparciu o takie kryteria jak jako\u015b\u0107 wody, informacja i edukacja ekologiczna prezentowana przez pla\u017ce, zarz\u0105dzanie \u015brodowiskiem, bezpiecze\u0144stwo i us\u0142ugi. Hiszpania jest liderem w tym wyr\u00f3\u017cnieniu na ca\u0142ym \u015bwiecie, a w 2022 r. dodano do listy 16 nowych pla\u017c, osi\u0105gaj\u0105c \u0142\u0105cznie 621 niebieskich pla\u017c. Opr\u00f3cz&#8230;<\/p>\n","protected":false},"author":1,"featured_media":41918,"comment_status":"closed","ping_status":"closed","sticky":false,"template":"","format":"standard","meta":{"footnotes":""},"categories":[2],"tags":[],"class_list":["post-41922","post","type-post","status-publish","format-standard","has-post-thumbnail","hentry","category-geen-onderdeel-van-een-categorie"],"aioseo_notices":[],"_links":{"self":[{"href":"https:\/\/www.costadelsol-mallorca.com\/pl\/wp-json\/wp\/v2\/posts\/41922","targetHints":{"allow":["GET"]}}],"collection":[{"href":"https:\/\/www.costadelsol-mallorca.com\/pl\/wp-json\/wp\/v2\/posts"}],"about":[{"href":"https:\/\/www.costadelsol-mallorca.com\/pl\/wp-json\/wp\/v2\/types\/post"}],"author":[{"embeddable":true,"href":"https:\/\/www.costadelsol-mallorca.com\/pl\/wp-json\/wp\/v2\/users\/1"}],"replies":[{"embeddable":true,"href":"https:\/\/www.costadelsol-mallorca.com\/pl\/wp-json\/wp\/v2\/comments?post=41922"}],"version-history":[{"count":1,"href":"https:\/\/www.costadelsol-mallorca.com\/pl\/wp-json\/wp\/v2\/posts\/41922\/revisions"}],"predecessor-version":[{"id":41926,"href":"https:\/\/www.costadelsol-mallorca.com\/pl\/wp-json\/wp\/v2\/posts\/41922\/revisions\/41926"}],"wp:featuredmedia":[{"embeddable":true,"href":"https:\/\/www.costadelsol-mallorca.com\/pl\/wp-json\/wp\/v2\/media\/41918"}],"wp:attachment":[{"href":"https:\/\/www.costadelsol-mallorca.com\/pl\/wp-json\/wp\/v2\/media?parent=41922"}],"wp:term":[{"taxonomy":"category","embeddable":true,"href":"https:\/\/www.costadelsol-mallorca.com\/pl\/wp-json\/wp\/v2\/categories?post=41922"},{"taxonomy":"post_tag","embeddable":true,"href":"https:\/\/www.costadelsol-mallorca.com\/pl\/wp-json\/wp\/v2\/tags?post=41922"}],"curies":[{"name":"wp","href":"https:\/\/api.w.org\/{rel}","templated":true}]}}