{"id":7256,"date":"2018-08-25T11:12:15","date_gmt":"2018-08-25T09:12:15","guid":{"rendered":"https:\/\/www.costadelsol-mallorca.com\/ming-peter\/"},"modified":"2019-07-22T10:46:56","modified_gmt":"2019-07-22T08:46:56","slug":"ming-peter","status":"publish","type":"post","link":"https:\/\/www.costadelsol-mallorca.com\/pl\/ming-peter\/","title":{"rendered":"Ming &#038; Peter"},"content":{"rendered":"<p>Przez d\u0142ugi czas marzyli\u015bmy o posiadaniu wiejskiego domu lub mieszkania w pobli\u017cu s\u0142onecznej pla\u017cy w Hiszpanii. To marzenie sta\u0142o si\u0119 mo\u017cliwe, gdy dzi\u0119ki naszemu koledze skontaktowali\u015bmy si\u0119 z Robertem Openneer (w\u0142a\u015bcicielem RO-Spain Real Estate).<\/p>\n<p>Po znalezieniu mieszkania, kt\u00f3re odpowiada\u0142o temu, czego szukali\u015bmy w Internecie, w miejscu, kt\u00f3re by\u0142o dla nas idealne (El Campello), wraz z Robertem pojechali\u015bmy obejrze\u0107 mieszkanie.<\/p>\n<p>Mieszkanie mia\u0142o ogromny potencja\u0142, cena dostosowana do naszego bud\u017cetu, a lokalizacja by\u0142a niesamowita! Jedynie mieszkanie musia\u0142o zosta\u0107 ca\u0142kowicie odnowione. Nie mieli\u015bmy w tym \u017cadnego do\u015bwiadczenia, ale dzi\u0119ki pomocy i kierownictwu Roberta prace zosta\u0142y przeprowadzone pomy\u015blnie.<\/p>\n<p>Doskonale pom\u00f3g\u0142 nam r\u00f3wnie\u017c w procesie zakupu, otwieraj\u0105c hiszpa\u0144skie konto bankowe, wnioskuj\u0105c o pozwolenie na pobyt, wyrabiaj\u0105c mi\u0119dzy innymi numer N.I.E, przy kontaktach z VVE, przy zmianie w\u0142asno\u015bci energii elektrycznej i wody i ca\u0142ej reszcie niezb\u0119dno\u015bci o kt\u00f3rych nie mieli\u015bmy poj\u0119cia.<\/p>\n<p>Po pewnym czasie zdecydowali\u015bmy si\u0119 na zakup drugiego mieszkania, tym razem do wynaj\u0119cia. Ponownie skontaktowali\u015bmy si\u0119 z Robertem. Razem z nim pojechali\u015bmy obejrze\u0107 r\u00f3\u017cne apartamenty, kt\u00f3re odpowiada\u0142y naszym oczekiwaniom. Szybko znale\u017ali\u015bmy idealne miejsce i dzi\u0119ki Robertowi spe\u0142nili\u015bmy kolejne marzenie, kupuj\u0105c przytulne mieszkanie w mie\u015bcie, niedaleko pla\u017cy Torrevieja.<\/p>\n<p>Z pomoc\u0105 Roberta r\u00f3wnie szybko znale\u017ali\u015bmy najemc\u0119. Po raz kolejny nadzorowa\u0142 wszystkie procedury i spisa\u0142 si\u0119\u00a0perfekcyjnie (zmiany w\u0142asno\u015bci energii elektrycznej i wody, umowa najmu itp.).<\/p>\n<p>Paula, jedna z wsp\u00f3\u0142pracownic z biura RO-Spain, doskonale pomog\u0142a nam r\u00f3wnie\u017c w rejestracji us\u0142ugi internetowej, aplikacji ubezpieczeniowej itp.<\/p>\n<p>Roberta cechuje przyjazne, pomocne i wyrozumia\u0142e podej\u015bcie. Dostrzega mo\u017cliwe przeszkody i problemy jako wyzwanie, z kt\u00f3rymi staje twarz\u0105 w twarz. Dzi\u0119ki jego wsparciu nigdy nie czujesz si\u0119 bezradny. Jest to dla nas bardzo wa\u017cne, poniewa\u017c nie jeste\u015bmy (jeszcze) wystarczaj\u0105co kompetentni w j\u0119zyku hiszpa\u0144skim.<\/p>\n<p>Dzi\u0119ki RO-Spain uda\u0142o nam si\u0119 zrealizowa\u0107 nasze marzenie o domu w Hiszpanii.<\/p>\n<p>&nbsp;<\/p>\n<p>&nbsp;<\/p>\n","protected":false},"excerpt":{"rendered":"<p>Przez d\u0142ugi czas marzyli\u015bmy o posiadaniu wiejskiego domu lub mieszkania w pobli\u017cu s\u0142onecznej pla\u017cy w Hiszpanii. To marzenie sta\u0142o si\u0119 mo\u017cliwe, gdy dzi\u0119ki naszemu koledze skontaktowali\u015bmy si\u0119 z Robertem Openneer (w\u0142a\u015bcicielem RO-Spain Real Estate). Po znalezieniu mieszkania, kt\u00f3re odpowiada\u0142o temu, czego szukali\u015bmy w Internecie, w miejscu, kt\u00f3re by\u0142o dla nas idealne (El Campello), wraz z&#8230;<\/p>\n","protected":false},"author":1,"featured_media":7257,"comment_status":"closed","ping_status":"closed","sticky":false,"template":"","format":"standard","meta":{"footnotes":""},"categories":[305],"tags":[],"class_list":["post-7256","post","type-post","status-publish","format-standard","has-post-thumbnail","hentry","category-opinie"],"aioseo_notices":[],"_links":{"self":[{"href":"https:\/\/www.costadelsol-mallorca.com\/pl\/wp-json\/wp\/v2\/posts\/7256","targetHints":{"allow":["GET"]}}],"collection":[{"href":"https:\/\/www.costadelsol-mallorca.com\/pl\/wp-json\/wp\/v2\/posts"}],"about":[{"href":"https:\/\/www.costadelsol-mallorca.com\/pl\/wp-json\/wp\/v2\/types\/post"}],"author":[{"embeddable":true,"href":"https:\/\/www.costadelsol-mallorca.com\/pl\/wp-json\/wp\/v2\/users\/1"}],"replies":[{"embeddable":true,"href":"https:\/\/www.costadelsol-mallorca.com\/pl\/wp-json\/wp\/v2\/comments?post=7256"}],"version-history":[{"count":1,"href":"https:\/\/www.costadelsol-mallorca.com\/pl\/wp-json\/wp\/v2\/posts\/7256\/revisions"}],"predecessor-version":[{"id":7258,"href":"https:\/\/www.costadelsol-mallorca.com\/pl\/wp-json\/wp\/v2\/posts\/7256\/revisions\/7258"}],"wp:featuredmedia":[{"embeddable":true,"href":"https:\/\/www.costadelsol-mallorca.com\/pl\/wp-json\/wp\/v2\/media\/7257"}],"wp:attachment":[{"href":"https:\/\/www.costadelsol-mallorca.com\/pl\/wp-json\/wp\/v2\/media?parent=7256"}],"wp:term":[{"taxonomy":"category","embeddable":true,"href":"https:\/\/www.costadelsol-mallorca.com\/pl\/wp-json\/wp\/v2\/categories?post=7256"},{"taxonomy":"post_tag","embeddable":true,"href":"https:\/\/www.costadelsol-mallorca.com\/pl\/wp-json\/wp\/v2\/tags?post=7256"}],"curies":[{"name":"wp","href":"https:\/\/api.w.org\/{rel}","templated":true}]}}