{"id":7389,"date":"2018-08-28T11:07:23","date_gmt":"2018-08-28T09:07:23","guid":{"rendered":"https:\/\/www.costadelsol-mallorca.com\/johan-carine-mathijs\/"},"modified":"2019-07-26T11:31:49","modified_gmt":"2019-07-26T09:31:49","slug":"johan-carine-mathijs","status":"publish","type":"post","link":"https:\/\/www.costadelsol-mallorca.com\/pl\/johan-carine-mathijs\/","title":{"rendered":"Johan, Carine i Mathijs"},"content":{"rendered":"<p>I nasze marzenie si\u0119 spe\u0142ni\u0142o&#8230;<\/p>\n<p>Po wielu latach poszukiwa\u0144, postanowili\u015bmy zrealizowa\u0107 nasze marzenie i wybrali\u015bmy si\u0119 do Utrecht na targi Secod Home Expo. Bior\u0105c pod uwag\u0119 pogod\u0119 i odleg\u0142o\u015b\u0107 zdecydowali\u015bmy si\u0119 na Hiszpani\u0119 jako miejsce na nasz nowy dom. Po kilkugodzinnym zapoznawaniu si\u0119 z ofertami zdecydowali\u015bmy si\u0119 zako\u0144czy\u0107 nasz dzie\u0144 hiszpa\u0144skim tapas. <\/p>\n<p>W drodze do wyj\u015bcia zostali\u015bmy zatrzymani przez agenta nieruchomo\u015bci, kt\u00f3ry zapyta\u0142 czy szukamy czego\u015b w Hiszpanii i zaoferowa\u0142 udzielenie informacji dotycz\u0105cych r\u00f3\u017cnych region\u00f3w.<\/p>\n<p>Poprzez ciep\u0142e powitanie Wima Borghmans zatrzymali\u015bmy si\u0119 przy stoisku RO SPAIN REAL ESTATE. Po targach kontakt z Wimem utrzymywali\u015bmy za po\u015brednictwem poczty e-mail i telefonu. W ko\u0144cu postanowili\u015bmy wybra\u0107 si\u0119 na wycieczk\u0119 zapoznawcz\u0105 do Hiszpanii! By\u0142o to bardzo przyjemne spotkanie. Wszystko by\u0142o bardzo dobrze zorganizowane, od hotelu po r\u00f3\u017cne projekty, kt\u00f3re odwiedzali\u015bmy, \u015bmiej\u0105c si\u0119, rozmawiaj\u0105c, jedz\u0105c smaczne przek\u0105ski i zn\u00f3w si\u0119 \u015bmiej\u0105c. Najbardziej chcieliby\u015bmy podkre\u015bli\u0107 indywidualne i profesjonalne podej\u015bcie do klienta, w kt\u00f3rym Wim nie ma sobie r\u00f3wnych.<br \/>\nTrzeciego dnia najwi\u0119ksze wra\u017cenie wywar\u0142o na nas poddasze w o\u015brodku SUNGOLFBEACH i wr\u00f3cili\u015bmy do domu z poczuciem satysfakcji. Kilka miesi\u0119cy p\u00f3\u017aniej po raz drugi polecili\u015bmy do Alicante dokona\u0107 niezb\u0119dnych formalno\u015bci. Prawnicy, za\u0142o\u017cenie konta w banku, nadanie numeru N.I.E, notariusz, sklep meblowy-wszystko to by\u0142o doskonale zorganizowane.<\/p>\n<p>Zako\u0144czyli\u015bmy nasz 3-dniowy pobyt prawdziw\u0105 hiszpa\u0144sk\u0105 imprez\u0105, gdzie mogli\u015bmy r\u00f3wnie\u017c pozna\u0107 Roberta, dyrektora RO SPAIN. Impreza by\u0142a wspania\u0142a, niestety jedyn\u0105 barier\u0105 by\u0142 j\u0119zyk! (Nie m\u00f3wimy po hiszpa\u0144sku).<\/p>\n<p>Zakup poddasza by\u0142 stale \u015bledzony przez Wima i do tej chwili regularnie otrzymujemy aktualizacje za po\u015brednictwem wiadomo\u015bci i po\u0142\u0105cze\u0144 telefonicznych.<\/p>\n<p>25 lipca zostali\u015bmy pe\u0142nomocnym w\u0142a\u015bcicielem. 8 sierpnia byli\u015bmy zaskoczeni zdj\u0119ciami od Wima. Dekoracja by\u0142a zako\u0144czona! Wszystko zosta\u0142o za\u0142atwione na najwy\u017cszym poziomie. Od mebli, \u015brodki czysto\u015bci po dodatkowe gniazdka na tarasie.<\/p>\n<p>I tak dzi\u0119ki RO SPAIN REAL ESTATE uda\u0142o si\u0119 spe\u0142ni\u0107 nasze marzenie.<\/p>\n<p>\u00a1Hasta luego!<\/p>\n","protected":false},"excerpt":{"rendered":"<p>I nasze marzenie si\u0119 spe\u0142ni\u0142o&#8230; Po wielu latach poszukiwa\u0144, postanowili\u015bmy zrealizowa\u0107 nasze marzenie i wybrali\u015bmy si\u0119 do Utrecht na targi Secod Home Expo. Bior\u0105c pod uwag\u0119 pogod\u0119 i odleg\u0142o\u015b\u0107 zdecydowali\u015bmy si\u0119 na Hiszpani\u0119 jako miejsce na nasz nowy dom. Po kilkugodzinnym zapoznawaniu si\u0119 z ofertami zdecydowali\u015bmy si\u0119 zako\u0144czy\u0107 nasz dzie\u0144 hiszpa\u0144skim tapas. W drodze do&#8230;<\/p>\n","protected":false},"author":1,"featured_media":7390,"comment_status":"closed","ping_status":"closed","sticky":false,"template":"","format":"standard","meta":{"footnotes":""},"categories":[305],"tags":[],"class_list":["post-7389","post","type-post","status-publish","format-standard","has-post-thumbnail","hentry","category-opinie"],"aioseo_notices":[],"_links":{"self":[{"href":"https:\/\/www.costadelsol-mallorca.com\/pl\/wp-json\/wp\/v2\/posts\/7389","targetHints":{"allow":["GET"]}}],"collection":[{"href":"https:\/\/www.costadelsol-mallorca.com\/pl\/wp-json\/wp\/v2\/posts"}],"about":[{"href":"https:\/\/www.costadelsol-mallorca.com\/pl\/wp-json\/wp\/v2\/types\/post"}],"author":[{"embeddable":true,"href":"https:\/\/www.costadelsol-mallorca.com\/pl\/wp-json\/wp\/v2\/users\/1"}],"replies":[{"embeddable":true,"href":"https:\/\/www.costadelsol-mallorca.com\/pl\/wp-json\/wp\/v2\/comments?post=7389"}],"version-history":[{"count":1,"href":"https:\/\/www.costadelsol-mallorca.com\/pl\/wp-json\/wp\/v2\/posts\/7389\/revisions"}],"predecessor-version":[{"id":7391,"href":"https:\/\/www.costadelsol-mallorca.com\/pl\/wp-json\/wp\/v2\/posts\/7389\/revisions\/7391"}],"wp:featuredmedia":[{"embeddable":true,"href":"https:\/\/www.costadelsol-mallorca.com\/pl\/wp-json\/wp\/v2\/media\/7390"}],"wp:attachment":[{"href":"https:\/\/www.costadelsol-mallorca.com\/pl\/wp-json\/wp\/v2\/media?parent=7389"}],"wp:term":[{"taxonomy":"category","embeddable":true,"href":"https:\/\/www.costadelsol-mallorca.com\/pl\/wp-json\/wp\/v2\/categories?post=7389"},{"taxonomy":"post_tag","embeddable":true,"href":"https:\/\/www.costadelsol-mallorca.com\/pl\/wp-json\/wp\/v2\/tags?post=7389"}],"curies":[{"name":"wp","href":"https:\/\/api.w.org\/{rel}","templated":true}]}}